{"id":530,"date":"2025-03-10T16:15:37","date_gmt":"2025-03-10T15:15:37","guid":{"rendered":"https:\/\/artencorps.fr\/?p=530"},"modified":"2025-09-03T10:36:33","modified_gmt":"2025-09-03T08:36:33","slug":"spectacles","status":"publish","type":"post","link":"https:\/\/artencorps.fr\/index.php\/2025\/03\/10\/spectacles\/","title":{"rendered":"Spectacles"},"content":{"rendered":"\n<div style=\"height:30px\" aria-hidden=\"true\" class=\"wp-block-spacer\"><\/div>\n\n\n\n<p class=\"has-text-align-center has-black-color has-text-color has-link-color wp-elements-a9d576395dffb573e19393f268fc7153\" style=\"font-size:16px\"><mark style=\"background-color:rgba(0, 0, 0, 0);color:#ffd4df\" class=\"has-inline-color\"><em>Art en corps<\/em> a particip\u00e9 \u00e0 Assos en Sc\u00e8ne le 28 juin 2025 au Th\u00e9\u00e2tre de Choisy-le-Roi <\/mark> <\/p>\n\n\n\n<div style=\"height:13px\" aria-hidden=\"true\" class=\"wp-block-spacer\"><\/div>\n\n\n<div class=\"wp-block-image is-style-default\">\n<figure class=\"aligncenter size-full is-resized\"><img loading=\"lazy\" decoding=\"async\" width=\"1080\" height=\"1080\" src=\"https:\/\/artencorps.fr\/wp-content\/uploads\/2025\/06\/mairie-choisyleroi-assos-en-scene-pour-la-paix-2025.webp\" alt=\"\" class=\"wp-image-595\" style=\"width:289px;height:auto\" srcset=\"https:\/\/artencorps.fr\/wp-content\/uploads\/2025\/06\/mairie-choisyleroi-assos-en-scene-pour-la-paix-2025.webp 1080w, https:\/\/artencorps.fr\/wp-content\/uploads\/2025\/06\/mairie-choisyleroi-assos-en-scene-pour-la-paix-2025-300x300.webp 300w, https:\/\/artencorps.fr\/wp-content\/uploads\/2025\/06\/mairie-choisyleroi-assos-en-scene-pour-la-paix-2025-1024x1024.webp 1024w, https:\/\/artencorps.fr\/wp-content\/uploads\/2025\/06\/mairie-choisyleroi-assos-en-scene-pour-la-paix-2025-150x150.webp 150w, https:\/\/artencorps.fr\/wp-content\/uploads\/2025\/06\/mairie-choisyleroi-assos-en-scene-pour-la-paix-2025-768x768.webp 768w, https:\/\/artencorps.fr\/wp-content\/uploads\/2025\/06\/mairie-choisyleroi-assos-en-scene-pour-la-paix-2025-75x75.webp 75w\" sizes=\"auto, (max-width: 1080px) 100vw, 1080px\" \/><\/figure>\n<\/div>\n\n\n<p class=\"has-text-align-center\"><\/p>\n\n\n\n<div style=\"height:13px\" aria-hidden=\"true\" class=\"wp-block-spacer\"><\/div>\n\n\n\n<p class=\"has-text-align-center\"><\/p>\n\n\n\n<p class=\"has-text-align-center\"><\/p>\n\n\n\n<p class=\"has-text-align-center\"><strong>****<\/strong><\/p>\n\n\n\n<p class=\"has-text-align-center\"><mark style=\"background-color:rgba(0, 0, 0, 0);color:#e3d4d8\" class=\"has-inline-color\">Dans le cadre du mois de l&#8217;\u00e9galit\u00e9, <mark style=\"background-color:rgba(0, 0, 0, 0);color:#e3d4d8\" class=\"has-inline-color\">le 28 mars 2025<\/mark> <mark style=\"background-color:rgba(0, 0, 0, 0);color:#e3d4d8\" class=\"has-inline-color\">\u00e0 18h30<\/mark>,<\/mark> <mark style=\"background-color:rgba(0, 0, 0, 0);color:#e3d4d8\" class=\"has-inline-color\"><em>Art en corps<\/em> a pr\u00e9sent\u00e9 sa premi\u00e8re cr\u00e9ation sur le th\u00e8me de la sororit\u00e9, \u00e0 la M\u00e9diath\u00e8que Aragon de Choisy-le-Roi<\/mark><\/p>\n\n\n\n<div style=\"height:13px\" aria-hidden=\"true\" class=\"wp-block-spacer\"><\/div>\n\n\n<div class=\"wp-block-image\">\n<figure class=\"aligncenter size-large is-resized\"><img loading=\"lazy\" decoding=\"async\" width=\"1024\" height=\"409\" src=\"http:\/\/artencorps.fr\/wp-content\/uploads\/2025\/03\/Mois-de-legalite-1-1024x409.png\" alt=\"\" class=\"wp-image-561\" style=\"width:581px;height:auto\" srcset=\"https:\/\/artencorps.fr\/wp-content\/uploads\/2025\/03\/Mois-de-legalite-1-1024x409.png 1024w, https:\/\/artencorps.fr\/wp-content\/uploads\/2025\/03\/Mois-de-legalite-1-300x120.png 300w, https:\/\/artencorps.fr\/wp-content\/uploads\/2025\/03\/Mois-de-legalite-1-768x307.png 768w, https:\/\/artencorps.fr\/wp-content\/uploads\/2025\/03\/Mois-de-legalite-1.png 1049w\" sizes=\"auto, (max-width: 1024px) 100vw, 1024px\" \/><\/figure>\n<\/div>\n\n\n<div style=\"height:26px\" aria-hidden=\"true\" class=\"wp-block-spacer\"><\/div>\n\n\n\n<p><strong><mark style=\"background-color:rgba(0, 0, 0, 0);color:#e3d4d8\" class=\"has-inline-color\"> <\/mark><\/strong><mark style=\"background-color:rgba(0, 0, 0, 0);color:#c429c3\" class=\"has-inline-color\">\u201c Qu\u2019est-ce que la sororit\u00e9 ? <mark style=\"background-color:rgba(0, 0, 0, 0);color:#c429c3\" class=\"has-inline-color\">\u201d<\/mark><\/mark> <mark style=\"background-color:rgba(0, 0, 0, 0);color:#c429c3\" class=\"has-inline-color\">C\u2019est la question que se sont pos\u00e9es Sol\u00e8ne et Oc\u00e9ane. Dans un espace minimaliste, le public est successivement invit\u00e9 \u00e0 suivre les discussions de deux amies dans un caf\u00e9, \u00e0 \u00e9couter les tourments d\u2019une adolescente dans sa chambre, \u00e0 \u00eatre t\u00e9moin d\u2019un enregistrement de podcast ou encore \u00e0 entrer dans l\u2019intimit\u00e9 d\u2019un salon d\u2019une colocation. Les deux com\u00e9diennes vont ainsi chercher une d\u00e9finition \u00e0 l\u2019aide des nombreux t\u00e9moignages de femmes recueillis.<\/mark><\/p>\n\n\n\n<p><mark style=\"background-color:rgba(0, 0, 0, 0);color:#c429c3\" class=\"has-inline-color\">Et vous, vous avez une r\u00e9ponse ? Venez partager cet instant de v\u00e9rit\u00e9, dr\u00f4le et po\u00e9tique \u00e0 leur c\u00f4t\u00e9, et t\u00e9moignez \u00e0 votre tour !<\/mark><\/p>\n\n\n\n<p class=\"has-small-font-size\"><em><mark style=\"background-color:rgba(0, 0, 0, 0);color:#e3d4d8\" class=\"has-inline-color\">Avec <a href=\"https:\/\/artencorps.fr\/index.php\/equipe\/\">Sol\u00e8ne Eberhardt<\/a> et Oc\u00e9ane Croce<\/mark><\/em><\/p>\n\n\n\n<p class=\"has-small-font-size\"><mark style=\"background-color:rgba(0, 0, 0, 0);color:#e3d4d8\" class=\"has-inline-color\"><em>Dur\u00e9e de 40 minutes et temps d&#8217;\u00e9change jusqu&#8217;\u00e0 20h<\/em><\/mark><\/p>\n\n\n\n<p class=\"has-text-align-center\"><mark style=\"background-color:rgba(0, 0, 0, 0);color:#e3d4d8\" class=\"has-inline-color\">Spectacle \u00e9crit et jou\u00e9 en collaboration avec la talentueuse Oc\u00e9ane Croce :<\/mark><\/p>\n\n\n\n<div style=\"height:12px\" aria-hidden=\"true\" class=\"wp-block-spacer\"><\/div>\n\n\n\n<div class=\"wp-block-group\"><div class=\"wp-block-group__inner-container is-layout-constrained wp-block-group-is-layout-constrained\">\n<figure style=\"font-size:14px\" class=\"wp-block-table\"><table><tbody><tr><td><img loading=\"lazy\" decoding=\"async\" width=\"350\" height=\"511\" class=\"wp-image-571\" style=\"width: 350px;\" src=\"http:\/\/artencorps.fr\/wp-content\/uploads\/2025\/03\/Oceane.png\" alt=\"\" srcset=\"https:\/\/artencorps.fr\/wp-content\/uploads\/2025\/03\/Oceane.png 945w, https:\/\/artencorps.fr\/wp-content\/uploads\/2025\/03\/Oceane-205x300.png 205w, https:\/\/artencorps.fr\/wp-content\/uploads\/2025\/03\/Oceane-701x1024.png 701w, https:\/\/artencorps.fr\/wp-content\/uploads\/2025\/03\/Oceane-768x1122.png 768w\" sizes=\"auto, (max-width: 350px) 100vw, 350px\" \/><\/td><td>  <mark style=\"background-color:rgba(0, 0, 0, 0);color:#e3d4d8\" class=\"has-inline-color\"><mark style=\"background-color:rgba(0, 0, 0, 0);color:#e3d4d8\" class=\"has-inline-color\">Oc\u00e9ane d\u00e9bute le th\u00e9\u00e2tre \u00e0 l&#8217;adolescence et participe d\u00e8s ses 17 ans \u00e0 son premier court m\u00e9trage<\/mark><\/mark> <mark style=\"background-color:rgba(0, 0, 0, 0);color:#e3d4d8\" class=\"has-inline-color\"><mark style=\"background-color:rgba(0, 0, 0, 0);color:#e3d4d8\" class=\"has-inline-color\"><em>Le secret derri\u00e8re les fleurs<\/em>.<\/mark><\/mark> <mark style=\"background-color:rgba(0, 0, 0, 0);color:#e3d4d8\" class=\"has-inline-color\"><mark style=\"background-color:rgba(0, 0, 0, 0);color:#e3d4d8\" class=\"has-inline-color\">En 2015, elle est dipl\u00f4m\u00e9e de sa licence en Art du spectacle et poursuit<\/mark><\/mark> <mark style=\"background-color:rgba(0, 0, 0, 0);color:#e3d4d8\" class=\"has-inline-color\"><mark style=\"background-color:rgba(0, 0, 0, 0);color:#e3d4d8\" class=\"has-inline-color\">ses \u00e9tudes sur Paris ; parall\u00e8lement elle se forme un an au cours Cl\u00e9ment avant d&#8217;\u00eatre admise au Conservatoire \u00e0 Rayonnement R\u00e9gional de Cergy. Elle obtient ainsi son Certificat d&#8217;\u00e9tudes th\u00e9\u00e2trales et int\u00e8gre en 2020 le cours Florent o\u00f9 ses rencontres lui permettront <mark style=\"background-color:rgba(0, 0, 0, 0);color:#e3d4d8\" class=\"has-inline-color\"><mark style=\"background-color:rgba(0, 0, 0, 0);color:#e3d4d8\" class=\"has-inline-color\">entre 2022 et 2023<\/mark><\/mark><\/mark><\/mark> <mark style=\"background-color:rgba(0, 0, 0, 0);color:#e3d4d8\" class=\"has-inline-color\"><mark style=\"background-color:rgba(0, 0, 0, 0);color:#e3d4d8\" class=\"has-inline-color\">de jouer dans le spectacle<\/mark><\/mark> <mark style=\"background-color:rgba(0, 0, 0, 0);color:#e3d4d8\" class=\"has-inline-color\"><mark style=\"background-color:rgba(0, 0, 0, 0);color:#e3d4d8\" class=\"has-inline-color\"><em>Que brulent les roses<\/em>. Depuis 2024, elle multiplie les projets th\u00e9\u00e2traux et devient \u00e9galement mod\u00e8le photo. <\/mark><\/mark><\/td><\/tr><\/tbody><\/table><\/figure>\n<\/div><\/div>\n\n\n\n<p class=\"has-text-align-center\"><\/p>\n","protected":false},"excerpt":{"rendered":"<p>Art en corps a particip\u00e9 \u00e0 Assos en Sc\u00e8ne le 28 juin 2025 au Th\u00e9\u00e2tre de Choisy-le-Roi **** Dans le cadre du mois de l&#8217;\u00e9galit\u00e9, le 28 mars 2025 \u00e0 18h30, Art en corps a pr\u00e9sent\u00e9 sa premi\u00e8re cr\u00e9ation sur le th\u00e8me de la sororit\u00e9, \u00e0 la M\u00e9diath\u00e8que Aragon de Choisy-le-Roi \u201c Qu\u2019est-ce que la sororit\u00e9 ? \u201d C\u2019est la question que se sont pos\u00e9es Sol\u00e8ne et Oc\u00e9ane. Dans un espace minimaliste, le public est successivement invit\u00e9 \u00e0 suivre les discussions de deux amies dans un caf\u00e9, \u00e0 \u00e9couter les tourments d\u2019une adolescente dans sa chambre, \u00e0 \u00eatre t\u00e9moin d\u2019un enregistrement de podcast ou encore \u00e0 entrer dans l\u2019intimit\u00e9 d\u2019un salon d\u2019une colocation. Les deux com\u00e9diennes vont ainsi chercher une d\u00e9finition \u00e0 l\u2019aide des nombreux t\u00e9moignages de femmes recueillis. Et vous, vous avez une r\u00e9ponse ? Venez partager cet instant de v\u00e9rit\u00e9, dr\u00f4le et po\u00e9tique \u00e0 leur c\u00f4t\u00e9, et t\u00e9moignez \u00e0 votre tour ! Avec Sol\u00e8ne Eberhardt et Oc\u00e9ane Croce Dur\u00e9e de 40 minutes et temps d&#8217;\u00e9change jusqu&#8217;\u00e0 20h Spectacle \u00e9crit et jou\u00e9 en collaboration avec la talentueuse Oc\u00e9ane Croce : Oc\u00e9ane d\u00e9bute le th\u00e9\u00e2tre \u00e0 l&#8217;adolescence et participe d\u00e8s ses 17 ans \u00e0 son premier court m\u00e9trage Le secret derri\u00e8re les fleurs. En 2015, elle est dipl\u00f4m\u00e9e de sa licence en Art du spectacle et poursuit ses \u00e9tudes sur Paris ; parall\u00e8lement elle se forme un an au cours Cl\u00e9ment avant d&#8217;\u00eatre admise au Conservatoire \u00e0 Rayonnement R\u00e9gional de Cergy. Elle obtient ainsi son Certificat d&#8217;\u00e9tudes th\u00e9\u00e2trales et int\u00e8gre en 2020 le cours Florent o\u00f9 ses rencontres lui permettront entre 2022 et 2023 de jouer dans le spectacle Que brulent les roses. Depuis 2024, elle multiplie les projets th\u00e9\u00e2traux et devient \u00e9galement mod\u00e8le photo.<\/p>\n","protected":false},"author":2,"featured_media":0,"comment_status":"closed","ping_status":"closed","sticky":false,"template":"","format":"standard","meta":{"footnotes":""},"categories":[1],"tags":[],"class_list":["post-530","post","type-post","status-publish","format-standard","hentry","category-non-classe"],"_links":{"self":[{"href":"https:\/\/artencorps.fr\/index.php\/wp-json\/wp\/v2\/posts\/530","targetHints":{"allow":["GET"]}}],"collection":[{"href":"https:\/\/artencorps.fr\/index.php\/wp-json\/wp\/v2\/posts"}],"about":[{"href":"https:\/\/artencorps.fr\/index.php\/wp-json\/wp\/v2\/types\/post"}],"author":[{"embeddable":true,"href":"https:\/\/artencorps.fr\/index.php\/wp-json\/wp\/v2\/users\/2"}],"replies":[{"embeddable":true,"href":"https:\/\/artencorps.fr\/index.php\/wp-json\/wp\/v2\/comments?post=530"}],"version-history":[{"count":4,"href":"https:\/\/artencorps.fr\/index.php\/wp-json\/wp\/v2\/posts\/530\/revisions"}],"predecessor-version":[{"id":632,"href":"https:\/\/artencorps.fr\/index.php\/wp-json\/wp\/v2\/posts\/530\/revisions\/632"}],"wp:attachment":[{"href":"https:\/\/artencorps.fr\/index.php\/wp-json\/wp\/v2\/media?parent=530"}],"wp:term":[{"taxonomy":"category","embeddable":true,"href":"https:\/\/artencorps.fr\/index.php\/wp-json\/wp\/v2\/categories?post=530"},{"taxonomy":"post_tag","embeddable":true,"href":"https:\/\/artencorps.fr\/index.php\/wp-json\/wp\/v2\/tags?post=530"}],"curies":[{"name":"wp","href":"https:\/\/api.w.org\/{rel}","templated":true}]}}